{"id":4775,"date":"2024-06-04T14:40:50","date_gmt":"2024-06-04T18:40:50","guid":{"rendered":"https:\/\/amicacenter.org\/sin-categorizar\/con-un-grave-coste-humano-el-presidente-biden-emite-la-orden-ejecutiva-de-prohibicion-de-asilo-de-trump\/"},"modified":"2024-07-16T13:13:25","modified_gmt":"2024-07-16T17:13:25","slug":"con-un-grave-coste-humano-el-presidente-biden-emite-la-orden-ejecutiva-de-prohibicion-de-asilo-de-trump","status":"publish","type":"post","link":"https:\/\/amicacenter.org\/es\/declaraciones\/con-un-grave-coste-humano-el-presidente-biden-emite-la-orden-ejecutiva-de-prohibicion-de-asilo-de-trump\/","title":{"rendered":"Con un grave coste humano, el presidente Biden emite la orden ejecutiva de prohibici\u00f3n de asilo de Trump"},"content":{"rendered":"\n<p>La Coalici\u00f3n CAIR est\u00e1 consternada por el hecho de que la Administraci\u00f3n Biden haya emitido hoy una <a href=\"https:\/\/www.whitehouse.gov\/briefing-room\/statements-releases\/2024\/06\/04\/fact-sheet-president-biden-announces-new-actions-to-secure-the-border\/\" target=\"_blank\" rel=\"noreferrer noopener\">orden ejecutiva<\/a> que proh\u00edbe el asilo a gran escala. Esta orden es similar a las prohibiciones y cierres de fronteras iniciados por la Administraci\u00f3n Trump que perjudicaron a decenas de miles de personas que hu\u00edan de la persecuci\u00f3n, la violencia y la muerte.<\/p>\n\n<p>Como la pol\u00edtica fronteriza m\u00e1s restrictiva emitida por cualquier presidente dem\u00f3crata moderno, la Orden Ejecutiva del Presidente Biden cierra la frontera entre EE.UU. y M\u00e9xico a los solicitantes de asilo cuando el n\u00famero medio de personas que llegan supera los 2.500 por d\u00eda, durante un per\u00edodo de siete d\u00edas. Dado que la media de llegadas diarias es actualmente superior a 2.500, esto significa que la prohibici\u00f3n de asilo entrar\u00e1 en vigor inmediatamente. En violaci\u00f3n del debido proceso, las personas que buscan seguridad ser\u00e1n r\u00e1pidamente rechazadas sin derecho a audiencia, obligadas a buscar rutas peligrosas y deportadas a situaciones que ponen en peligro su vida.  <\/p>\n\n<p>Bas\u00e1ndose en la misma ley que la Administraci\u00f3n Trump emple\u00f3 para promulgar la racista Prohibici\u00f3n Musulmana, esta pol\u00edtica tendr\u00e1 impactos devastadores en individuos y familias. De forma similar a la prohibici\u00f3n de la Administraci\u00f3n Trump que atacaba los derechos de los solicitantes de asilo que cruzaban entre puertos de entrada designados, y que fue tachada de ilegal por el <a href=\"https:\/\/www.aclu.org\/cases\/east-bay-sanctuary-covenant-v-barr?document=east-bay-sanctuary-covenant-v-trump-ninth-circuit-ruling\" target=\"_blank\" rel=\"noreferrer noopener\">Tribunal de Apelaci\u00f3n del Noveno Circuito de<\/a> EE.UU. y el Tribunal de Distrito de EE.UU. para el Distrito de Columbia, esta prohibici\u00f3n dar\u00e1 lugar a la deportaci\u00f3n injusta de personas que necesitan protecci\u00f3n.<\/p>\n\n<p>Esta Orden Ejecutiva es el ejemplo m\u00e1s extremo de los continuos esfuerzos de la Administraci\u00f3n Biden por eviscerar nuestro sistema de asilo y los derechos de quienes huyen de situaciones peligrosas. Si no lo detienen los tribunales federales, el impacto de esta peligrosa pol\u00edtica no tendr\u00eda precedentes. Cerrar\u00eda por completo las puertas de Estados Unidos a quienes intentan encontrar refugio en nuestro pa\u00eds, violando nuestra obligaci\u00f3n legal fundamental en virtud de la legislaci\u00f3n internacional y estadounidense sobre refugiados de no devolver a las personas a la persecuci\u00f3n, lo que se conoce como &#8220;no devoluci\u00f3n&#8221;.<\/p>\n\n<p>La Coalici\u00f3n CAIR imagina un pa\u00eds con un sistema de inmigraci\u00f3n humano y justo que ofrezca a todos el debido proceso y representaci\u00f3n legal, proteja a todas las personas que buscan seguridad y mantenga unidas a las comunidades.<\/p>\n\n<p><strong>NO nos apartaremos de esta visi\u00f3n.  <\/strong><\/p>\n\n<p>Al igual que con cada prohibici\u00f3n de asilo bajo la Administraci\u00f3n Trump, estamos comprometidos a desafiar esta prohibici\u00f3n en colaboraci\u00f3n con compa\u00f1eros defensores. Por muchos ataques que se produzcan contra las comunidades de inmigrantes, seguiremos defendiendo los derechos de todas las personas que busquen protecci\u00f3n.<\/p>\n\n<p><strong>\u00danase a nosotros en esta lucha.<\/strong><\/p>\n\n<p><a href=\"https:\/\/amicacenter.org\/es\/done\/\">Done ahora<\/a><\/p>\n","protected":false},"excerpt":{"rendered":"<p>La Coalici\u00f3n CAIR est\u00e1 consternada por el hecho de que la Administraci\u00f3n Biden haya emitido hoy una orden ejecutiva que proh\u00edbe el asilo a gran escala. Esta orden es similar a las prohibiciones y cierres de fronteras iniciados por la Administraci\u00f3n Trump que perjudicaron a decenas de miles de personas que hu\u00edan de la persecuci\u00f3n, &hellip; <a href=\"https:\/\/amicacenter.org\/es\/declaraciones\/con-un-grave-coste-humano-el-presidente-biden-emite-la-orden-ejecutiva-de-prohibicion-de-asilo-de-trump\/\">Continued<\/a><\/p>\n","protected":false},"author":4,"featured_media":4776,"comment_status":"closed","ping_status":"open","sticky":false,"template":"","format":"standard","meta":{"_acf_changed":false,"inline_featured_image":false,"footnotes":""},"categories":[132],"class_list":["post-4775","post","type-post","status-publish","format-standard","has-post-thumbnail","hentry","category-declaraciones","bg-white -mt-px py-full"],"acf":[],"_links":{"self":[{"href":"https:\/\/amicacenter.org\/es\/wp-json\/wp\/v2\/posts\/4775","targetHints":{"allow":["GET"]}}],"collection":[{"href":"https:\/\/amicacenter.org\/es\/wp-json\/wp\/v2\/posts"}],"about":[{"href":"https:\/\/amicacenter.org\/es\/wp-json\/wp\/v2\/types\/post"}],"author":[{"embeddable":true,"href":"https:\/\/amicacenter.org\/es\/wp-json\/wp\/v2\/users\/4"}],"replies":[{"embeddable":true,"href":"https:\/\/amicacenter.org\/es\/wp-json\/wp\/v2\/comments?post=4775"}],"version-history":[{"count":1,"href":"https:\/\/amicacenter.org\/es\/wp-json\/wp\/v2\/posts\/4775\/revisions"}],"predecessor-version":[{"id":4777,"href":"https:\/\/amicacenter.org\/es\/wp-json\/wp\/v2\/posts\/4775\/revisions\/4777"}],"wp:featuredmedia":[{"embeddable":true,"href":"https:\/\/amicacenter.org\/es\/wp-json\/wp\/v2\/media\/4776"}],"wp:attachment":[{"href":"https:\/\/amicacenter.org\/es\/wp-json\/wp\/v2\/media?parent=4775"}],"wp:term":[{"taxonomy":"category","embeddable":true,"href":"https:\/\/amicacenter.org\/es\/wp-json\/wp\/v2\/categories?post=4775"}],"curies":[{"name":"wp","href":"https:\/\/api.w.org\/{rel}","templated":true}]}}